{"id":20958,"date":"2023-02-13T10:10:23","date_gmt":"2023-02-13T09:10:23","guid":{"rendered":"https:\/\/www.architoledo.org\/alegriadecaminarjuntos\/?p=20958"},"modified":"2023-02-13T10:10:23","modified_gmt":"2023-02-13T09:10:23","slug":"cardenal-braz-de-aviz-vivir-el-presente-con-pasion-respondiendo-a-la-mirada-amorosa-del-senor-hacia-cada-consagrado","status":"publish","type":"post","link":"https:\/\/www.architoledo.org\/alegriadecaminarjuntos\/cardenal-braz-de-aviz-vivir-el-presente-con-pasion-respondiendo-a-la-mirada-amorosa-del-senor-hacia-cada-consagrado\/","title":{"rendered":"Cardenal Braz de Aviz: \u201cVivir el presente con pasi\u00f3n, respondiendo a la mirada amorosa del Se\u00f1or hacia cada consagrado\u201d"},"content":{"rendered":"\nEl lema de las und\u00e9cimas Jornadas de Pastoral han tenido el siguiente lema: <strong>\u201cLos Sue\u00f1os se construyen juntos: Consagrados para la Misi\u00f3n\u201d<\/strong> que es el mismo elegido para este curso pastoral dedicado a la vocaci\u00f3n a la vida consagrada, siendo el cap\u00edtulo 13 del evangelio de san Juan, el que inspira todo el trabajo pastoral de este curso.<br><\/br>\n\n\n\nLa jornada del s\u00e1bado, 4 de febrero, ha estado centrada en el propio lema de este curso pastoral, contando con la presencia del <strong><a href=\"https:\/\/www.vaticannews.va\/es\/vaticano\/news\/2022-03\/congregacion-para-los-institutos-vida-consagrada-dentro-vaticano.html\" data-type=\"URL\" data-id=\"https:\/\/www.vaticannews.va\/es\/vaticano\/news\/2022-03\/congregacion-para-los-institutos-vida-consagrada-dentro-vaticano.html\">cardenal Joao Braz de Aviz<\/a><\/strong>, prefecto del <a href=\"https:\/\/www.vaticannews.va\/es\/vaticano\/news\/2022-03\/congregacion-para-los-institutos-vida-consagrada-dentro-vaticano.html\">dicasterio para los institutos de Vida Consagrada y las Sociedades de Vida Apost\u00f3lica<\/a>.<br><\/br>\n\n\n\nLa primera ponencia del cardenal Braz de Aviz, llevaba por t\u00edtulo <strong>\u201cLa Vida Consagrada en la Iglesia y en el mundo: retos y esperanzas\u201d<\/strong>. Al comienzo de la misma daba las gracias y manifestaba que \u201cestar con vosotros hoy en Toledo es motivo de alegr\u00eda y de agradecimiento\u201d. Seguidamente compart\u00eda su alegr\u00eda: \u201cMe complace mucho que hay\u00e1is puesto la vida consagrada, con la belleza de sus carismas tanto en la vida apost\u00f3lica como en la vida contemplativa, <strong>en el centro de estas jornadas pastorales<\/strong> de la Iglesia\u201d.<br><\/br>\n\n\n\nEl cardenal brasile\u00f1o insist\u00eda que las jornadas de pastoral son \u201cuna oportunidad para <strong>crecer en esta comuni\u00f3n eclesial<\/strong>\u201c. A continuaci\u00f3n ofrec\u00eda \u201cuna panor\u00e1mica de la vida consagrada en la Iglesia\u201d desde su experiencia en el Dicasterio para la Vida Consagrada \u201cdurante estos \u00faltimos 12 a\u00f1os\u201d ha expresado.<br><\/br>\n\n\n\n<figure class=\"wp-block-embed is-type-rich is-provider-twitter wp-block-embed-twitter\"><div class=\"wp-block-embed__wrapper\">\n<blockquote class=\"twitter-tweet\" data-width=\"550\" data-dnt=\"true\"><p lang=\"es\" dir=\"ltr\">Cardenal Braz de Aviz nos ofrece 5 puntos de <a href=\"https:\/\/twitter.com\/Pontifex_es?ref_src=twsrc%5Etfw\">@Pontifex_es<\/a> para la <a href=\"https:\/\/twitter.com\/hashtag\/VidaConsagrada?src=hash&amp;ref_src=twsrc%5Etfw\">#VidaConsagrada<\/a><br><br>4- Ir a las periferias existenciales, reutilizar casas en favor de obras acordes a las necesidades actuales de evangelizaci\u00f3n y caridad, esto nos preserva de la enfermedad de la autoreferencialidad <a href=\"https:\/\/t.co\/RuU3sR54C7\">pic.twitter.com\/RuU3sR54C7<\/a><\/p>&mdash; Jornadas de Pastoral (@JdPastoral) <a href=\"https:\/\/twitter.com\/JdPastoral\/status\/1621820937728294913?ref_src=twsrc%5Etfw\">February 4, 2023<\/a><\/blockquote><script async src=\"https:\/\/platform.twitter.com\/widgets.js\" charset=\"utf-8\"><\/script>\n<\/div><\/figure>\n\n\n\n<strong>Visi\u00f3n panor\u00e1mica de la Vida Consagrada en la Iglesia<\/strong><br><\/br>\n\n\n\nMons. Braz de Aviz ha presentado la diversidad de realidades eclesiales que forman la vida consagrada: Ordo Virginum (Orden de las V\u00edrgenes), Ordo Viduarum (Orden de las Viudas), Institutos de Vida Consagrada Apost\u00f3lica, Institutos de Vida Consagrada Mon\u00e1stica y Contemplativa, Institutos Seculares, Eremitas, Sociedades de Vida Apost\u00f3lica y las Nuevas Formas de Vida Consagrada.<br><\/br>\n\n\n\nEl Prefecto del Dicasterio para los Institutos de Vida Consagrada y las Sociedades de Vida Apost\u00f3lica afirmaba que \u201ccon la fuerza del Esp\u00edritu la renovaci\u00f3n espiritual, carism\u00e1tica e institucional ha continuado despu\u00e9s del Concilio Vaticano II\u201d exponiendo los \u201c<strong>odres nuevos de la vida consagrada confiados a nuestro cuidado hoy<\/strong>: la vida fraterna en comunidad, la formaci\u00f3n (continua e inicial) y la autoridad (no poder) y uso de los bienes\u201d<br><\/br>\n\n\n\nTambi\u00e9n recodaba los cinco puntos del Papa Francisco para la vida consagrada de hoy:<br><\/br>\n\n\n\n<ul class=\"wp-block-list\">\n<li>La alegr\u00eda de la consagraci\u00f3n.<\/li>\n\n\n\n<li>La caracter\u00edstica propia de la vida consagrada es la profec\u00eda: \u201cdespertad el mundo\u201d.<\/li>\n\n\n\n<li>Expertos en comuni\u00f3n.<\/li>\n\n\n\n<li>Ir a las periferias existenciales para superar toda forma de auto-referencialidad.<\/li>\n\n\n\n<li>Responder a las nuevas y continuas preguntas que surgen hoy y al grito de los pobres.<\/li>\n<\/ul>\n\n\n\nEl cardenal Braz de Aviz expon\u00eda que son \u201cm\u00e1s o menos unos 2.000 Institutos compuestos por \u00d3rdenes, Institutos Religiosos, Institutos Seculares y Sociedades de Vida Apost\u00f3lica, que forman un pueblo de aproximadamente 700.000 consagrados y consagradas, siendo las consagradas el triple de los consagrados\u201d.<br><\/br>\n\n\n\n<strong>Vino nuevo en odres nuevos: tres \u00e1mbitos para el cuidado de la vida consagrada<\/strong><br><\/br>\n\n\n\nEl Prefecto se\u00f1alaba que \u201cel a\u00f1o de la vida consagrada, 2015, quiso mirar al pasado con una memoria agradecida por las maravillas que Dios ha hecho por medio de los consagrados\u201d a la par que era necesario \u201c<strong>mirar el futuro con confianza<\/strong> porque Dios, el Se\u00f1or, es fiel siempre; y vivir el presente con pasi\u00f3n, es decir, respondiendo con determinaci\u00f3n a la mirada amorosa del Se\u00f1or hacia cada consagrado\u201d.<br><\/br>\n\n\n\nIgualmente apuntaba que \u201cel Papa ha mencionado tambi\u00e9n <strong>algunas \u00e1reas de debilidad en la vida consagrada<\/strong>: la fragilidad de ciertos itinerarios formativos, el af\u00e1n por las tareas institucionales y ministeriales en detrimento de la vida espiritual, la dif\u00edcil integraci\u00f3n de las diversidades culturales y generacionales, un problem\u00e1tico equilibrio en el ejercicio de la autoridad y en el uso de los bienes\u201c.<br><\/br>\n\n\n\nDe ah\u00ed que se\u00f1alara los tres \u00e1mbitos que \u201cla Asamblea Plenaria del Dicasterio del a\u00f1o 2014\u201d propusiera para <strong>\u201cel cuidado particular\u201d<\/strong> de la vida consagrada.<br><\/br>\n\n\n\nEn este sentido, el primero que expuso es la <strong>\u201cvida fraterna en comunidad\u201d<\/strong> ya que los \u201cconsagrados est\u00e1n llamados a cuidar las diversas formas de estructuras de comuni\u00f3n y de comunidad en la vida consagrada\u201d. Igualmente indicaba que \u201clos consagrados y las consagradas, est\u00e1n <strong>llamados a disponerse en salida misionera<\/strong>, seg\u00fan el propio carisma, hacia escenarios y desaf\u00edos siempre nuevos, especialmente hacia las periferias que necesitan la luz del Evangelio\u201d. El cardenal insist\u00eda en \u201cvolver las estructuras comunitarias m\u00e1s misioneras y las actividades m\u00e1s din\u00e1micas y abiertas hacia esta salida\u201d.<br><\/br>\n\n\n\nPara Mons. Braz de Aviz \u201cla mirada contemplativa rec\u00edproca, el <strong>deseo de hacer iglesia juntos<\/strong>, la acogida solidaria, tienen que llevar al consagrado y consagrada a ser <strong>fermento de di\u00e1logo y de confianza<\/strong> en un mundo falto de acogida y de reciprocidad fraterna\u201d.<br><\/br>\n\n\n\nEl segundo \u00e1mbito ser\u00eda <strong>\u201cla formaci\u00f3n, continua e inicial\u201d<\/strong> porque \u201ces la acci\u00f3n del Padre que, por el poder del Esp\u00edritu Santo, forma en nosotros el coraz\u00f3n del Hijo, convirti\u00e9ndonos\u201d. En este sentido subrayaba que <strong>\u201cla formaci\u00f3n ha de ser integral -humana, intelectual, teol\u00f3gica y espiritual\u00bb<\/strong>, ha de apuntar a formar una persona coherente en su voluntad, por medio de un modelo de integraci\u00f3n, para que el consagrado, la consagrada tengan \u201clos mismos sentimientos de Cristo\u201d.<br><\/br>\n\n\n\nEl Prefecto ha insistido que la formaci\u00f3n \u201cha de tener como base un <strong>sabio discernimiento vocacional<\/strong> y ha de prestar atenci\u00f3n tambi\u00e9n al elemento afectivo y sexual, con un m\u00e9todo formativo capaz de <strong>integrar bien los elementos espirituales y psicopedag\u00f3gicos<\/strong>\u201c. Por ello es necesario que el formador sea \u201cuna persona madura, capaz de integrar en s\u00ed las dos dimensiones y de ponerse a la escucha de la cultura de los j\u00f3venes\u201d.<br><\/br>\n\n\n\nEl tercero de los \u00e1mbitos ha tener en cuenta, en palabras del cardenal brasile\u00f1o, ser\u00eda \u201c<strong>la autoridad, no el poder, y el uso de los bienes<\/strong>\u201d. En este sentido, se\u00f1alaba que \u201cen Roma, bajo el impulso de Papa Francisco, hemos comenzado a <strong>incluir a m\u00e1s mujeres consagradas en la estructura del Dicasterio<\/strong>. Esta actitud debe continuar, no solo de cara a la representatividad de las mujeres consagradas, sino porque adem\u00e1s, al relacionarse y al trabajar juntos, hombres y mujeres, nos enriquezcamos mutuamente de lo que nos caracteriza de forma espec\u00edfica\u201d.<br><\/br>\n\n\n\nMons. Braz de Aviz insist\u00eda que \u201ctodo se entender\u00e1 y se vivir\u00e1 mejor <strong>si retomamos el Evangelio del lavatorio de los pies<\/strong> y si nos convencemos de que el bautismo ha dado a todos los disc\u00edpulos de Jes\u00fas la \u00fanica dignidad que poseen, es decir, la de hijos de Dios. Todos somos hijos de Dios por igual, y por consiguiente, todos hermanos y hermanas\u201d.<br><\/br>\n\n\n\n\u201cUna autoridad cerrada en s\u00ed misma, auto-referencial que se considere \u00fanica e indispensable, se <strong>sale del todo de su finalidad<\/strong>. La Iglesia no puede estar formada por castas, de gente m\u00e1s o menos digna, seg\u00fan sus procedencias mundanas\u201d ha insistido el cardenal prefecto.<br><\/br>\n","protected":false},"excerpt":{"rendered":"<p>El lema de las und\u00e9cimas Jornadas de Pastoral han tenido el siguiente lema: \u201cLos Sue\u00f1os se construyen juntos: Consagrados para la Misi\u00f3n\u201d que es el mismo elegid&#8230;<\/p>\n","protected":false},"author":1,"featured_media":20965,"comment_status":"closed","ping_status":"closed","sticky":false,"template":"","format":"standard","meta":{"footnotes":""},"categories":[1],"tags":[],"class_list":["post-20958","post","type-post","status-publish","format-standard","has-post-thumbnail","hentry","category-noticias"],"acf":[],"_links":{"self":[{"href":"https:\/\/www.architoledo.org\/alegriadecaminarjuntos\/wp-json\/wp\/v2\/posts\/20958","targetHints":{"allow":["GET"]}}],"collection":[{"href":"https:\/\/www.architoledo.org\/alegriadecaminarjuntos\/wp-json\/wp\/v2\/posts"}],"about":[{"href":"https:\/\/www.architoledo.org\/alegriadecaminarjuntos\/wp-json\/wp\/v2\/types\/post"}],"author":[{"embeddable":true,"href":"https:\/\/www.architoledo.org\/alegriadecaminarjuntos\/wp-json\/wp\/v2\/users\/1"}],"replies":[{"embeddable":true,"href":"https:\/\/www.architoledo.org\/alegriadecaminarjuntos\/wp-json\/wp\/v2\/comments?post=20958"}],"version-history":[{"count":6,"href":"https:\/\/www.architoledo.org\/alegriadecaminarjuntos\/wp-json\/wp\/v2\/posts\/20958\/revisions"}],"predecessor-version":[{"id":20964,"href":"https:\/\/www.architoledo.org\/alegriadecaminarjuntos\/wp-json\/wp\/v2\/posts\/20958\/revisions\/20964"}],"wp:featuredmedia":[{"embeddable":true,"href":"https:\/\/www.architoledo.org\/alegriadecaminarjuntos\/wp-json\/wp\/v2\/media\/20965"}],"wp:attachment":[{"href":"https:\/\/www.architoledo.org\/alegriadecaminarjuntos\/wp-json\/wp\/v2\/media?parent=20958"}],"wp:term":[{"taxonomy":"category","embeddable":true,"href":"https:\/\/www.architoledo.org\/alegriadecaminarjuntos\/wp-json\/wp\/v2\/categories?post=20958"},{"taxonomy":"post_tag","embeddable":true,"href":"https:\/\/www.architoledo.org\/alegriadecaminarjuntos\/wp-json\/wp\/v2\/tags?post=20958"}],"curies":[{"name":"wp","href":"https:\/\/api.w.org\/{rel}","templated":true}]}}